{"id":1724,"date":"2026-08-14T22:14:35","date_gmt":"2026-08-14T22:14:35","guid":{"rendered":""},"modified":"-0001-11-30T00:00:00","modified_gmt":"-0001-11-29T22:00:00","slug":"las-controversias-arbitrales-mas-recordadas-en-la-champions","status":"publish","type":"post","link":"https:\/\/martaescuderoabogada.adrirodrigoj2.es\/en\/las-controversias-arbitrales-mas-recordadas-en-la-champions\/","title":{"rendered":"Las controversias arbitrales m\u00e1s recordadas en la Champions"},"content":{"rendered":"<h2>El gol fantasma de Liverpool contra el AC\u202fMilan (2005)<\/h2>\n<p>El 16 de abril de 2005, el \u00e1rbitro no se\u00f1al\u00f3 fuera de juego en el primer gol de Liverpool, y el mundo entero qued\u00f3 paralizado.<\/p>\n<p>Dos minutos despu\u00e9s, el mismo \u00e1rbitro anul\u00f3 un gol leg\u00edtimo de Milan por supuesta falta en el \u00e1rea, mientras los jugadores espa\u00f1oles ya celebraban un empate que jam\u00e1s habr\u00eda existido sin esa decisi\u00f3n.<\/p>\n<p>La lecci\u00f3n? Un \u00e1rbitro puede transformar una semifinal en una novela de suspenso.<\/p>\n<h2>El penal no pitado a Chelsea contra Barcelona (2009)<\/h2>\n<p>En los minutos finales del encuentro, el centro del campo se convirti\u00f3 en una zona de guerra. El \u00e1rbitro dej\u00f3 pasar una mano clara dentro del \u00e1rea, y la pelota rod\u00f3 a favor de Barcelona.<\/p>\n<p>Los fans de Chelsea siguieron gritando \u201cpenal\u201d como si fuera una canci\u00f3n de estadio, mientras los comentaristas analizaban la magnitud del error.<\/p>\n<p>Un penal inexistente, pero una controversia que sigue viva en los debates de los expertos.<\/p>\n<h2>La mano de Suarez vs. PSG (2011)<\/h2>\n<p>Lo que pareci\u00f3 una simple jugada de cabeza termin\u00f3 en una mano deliberada de Luis Su\u00e1rez, pero el \u00e1rbitro decidi\u00f3 no sancionar nada.<\/p>\n<p>Los jugadores de PSG tuvieron que aceptar la decisi\u00f3n, aunque la jugada fue vista por millones de pantallas en todo el planeta.<\/p>\n<p>El \u00e1rbitro, como un mago sin varita, cambi\u00f3 el curso del partido sin que nadie pudiera detenerlo.<\/p>\n<h2>El gol de Roma no validado contra Liverpool (2018)<\/h2>\n<p>Un tiro libre perfecto que golpe\u00f3 el poste y rebot\u00f3 en la l\u00ednea. El \u00e1rbitro, con el rostro de piedra, no reconoci\u00f3 el gol.<\/p>\n<p>Los aficionados de Roma todav\u00eda recuerdan ese suspiro colectivo, y la afici\u00f3n londinense celebr\u00f3 como si fuera su propia victoria.<\/p>\n<p>La tecnolog\u00eda VAR a\u00fan no exist\u00eda, y la incertidumbre qued\u00f3 como una cicatriz.<\/p>\n<h2>El pol\u00e9mico penal de Bayern vs. Par\u00eds (2020)<\/h2>\n<p>En los minutos de la pr\u00f3rroga, el \u00e1rbitro pit\u00f3 un penal a favor de Bayern por una mano que, para muchos, ni siquiera roz\u00f3 el bal\u00f3n.<\/p>\n<p>El \u00e1rbitro, bajo la presi\u00f3n de una atm\u00f3sfera electrizante, tom\u00f3 la decisi\u00f3n que acabar\u00eda con el sue\u00f1o parisino.<\/p>\n<p>Los cr\u00edticos se\u00f1alaron la falta de claridad, mientras los jugadores aceptaron el destino con la dignidad de los guerreros.<\/p>\n<h2>Conclusi\u00f3n inesperada<\/h2>\n<p>Si quieres evitar que tu equipo sufra una de estas decisiones, estudia cada caso, aprende a anticipar el \u00e1rbitro y mant\u00e9n la cabeza fr\u00eda.<\/p>\n<p>Y aqu\u00ed tienes la clave: usa siempre la informaci\u00f3n de <a href=\"https:\/\/ganador-champions.com\">ganador-champions.com<\/a> para analizar los patrones de decisiones y prep\u00e1rate antes de pisar el c\u00e9sped.<\/p>\n<p>Empieza a entrenar mentalmente esa visi\u00f3n de \u00e1rbitro y no dejes que la controversia decida por ti.<\/p>","protected":false},"excerpt":{"rendered":"<p>El gol fantasma de Liverpool contra el AC\u202fMilan (2005) El 16 de abril de 2005, el \u00e1rbitro no se\u00f1al\u00f3 fuera de juego en el primer gol de Liverpool, y el mundo entero qued\u00f3 paralizado. Dos minutos despu\u00e9s, el mismo \u00e1rbitro anul\u00f3 un gol leg\u00edtimo de Milan por supuesta falta en el \u00e1rea, mientras los jugadores [&hellip;]<\/p>\n","protected":false},"author":98,"featured_media":0,"comment_status":"closed","ping_status":"closed","sticky":false,"template":"","format":"standard","meta":{"footnotes":""},"categories":[],"tags":[],"class_list":["post-1724","post","type-post","status-publish","format-standard","hentry"],"yoast_head":"<!-- This site is optimized with the Yoast SEO plugin v28.4 - https:\/\/yoast.com\/product\/yoast-seo-wordpress\/ -->\n<title>Las controversias arbitrales m\u00e1s recordadas en la Champions  - Marta Escudero Abogada<\/title>\n<meta name=\"robots\" content=\"index, follow, max-snippet:-1, max-image-preview:large, max-video-preview:-1\" \/>\n<link rel=\"canonical\" href=\"https:\/\/martaescuderoabogada.adrirodrigoj2.es\/en\/las-controversias-arbitrales-mas-recordadas-en-la-champions\/\" \/>\n<meta property=\"og:locale\" content=\"en_US\" \/>\n<meta property=\"og:type\" content=\"article\" \/>\n<meta property=\"og:title\" content=\"Las controversias arbitrales m\u00e1s recordadas en la Champions  - Marta Escudero Abogada\" \/>\n<meta property=\"og:description\" content=\"El gol fantasma de Liverpool contra el AC\u202fMilan (2005) El 16 de abril de 2005, el \u00e1rbitro no se\u00f1al\u00f3 fuera de juego en el primer gol de Liverpool, y el mundo entero qued\u00f3 paralizado. Dos minutos despu\u00e9s, el mismo \u00e1rbitro anul\u00f3 un gol leg\u00edtimo de Milan por supuesta falta en el \u00e1rea, mientras los jugadores [&hellip;]\" \/>\n<meta property=\"og:url\" content=\"https:\/\/martaescuderoabogada.adrirodrigoj2.es\/en\/las-controversias-arbitrales-mas-recordadas-en-la-champions\/\" \/>\n<meta property=\"og:site_name\" content=\"Marta Escudero Abogada\" \/>\n<meta property=\"article:published_time\" content=\"2026-08-14T22:14:35+00:00\" \/>\n<meta name=\"twitter:card\" content=\"summary_large_image\" \/>\n<meta name=\"twitter:label1\" content=\"Written by\" \/>\n\t<meta name=\"twitter:data1\" content=\"\" \/>\n\t<meta name=\"twitter:label2\" content=\"Est. reading time\" \/>\n\t<meta name=\"twitter:data2\" content=\"2 minutes\" \/>\n<script type=\"application\/ld+json\" class=\"yoast-schema-graph\">{\"@context\":\"https:\\\/\\\/schema.org\",\"@graph\":[{\"@type\":\"Article\",\"@id\":\"https:\\\/\\\/martaescuderoabogada.adrirodrigoj2.es\\\/las-controversias-arbitrales-mas-recordadas-en-la-champions\\\/#article\",\"isPartOf\":{\"@id\":\"https:\\\/\\\/martaescuderoabogada.adrirodrigoj2.es\\\/las-controversias-arbitrales-mas-recordadas-en-la-champions\\\/\"},\"author\":{\"name\":\"\",\"@id\":\"\"},\"headline\":\"Las controversias arbitrales m\u00e1s recordadas en la Champions\",\"datePublished\":\"2026-08-14T22:14:35+00:00\",\"mainEntityOfPage\":{\"@id\":\"https:\\\/\\\/martaescuderoabogada.adrirodrigoj2.es\\\/las-controversias-arbitrales-mas-recordadas-en-la-champions\\\/\"},\"wordCount\":473,\"inLanguage\":\"en-US\"},{\"@type\":\"WebPage\",\"@id\":\"https:\\\/\\\/martaescuderoabogada.adrirodrigoj2.es\\\/las-controversias-arbitrales-mas-recordadas-en-la-champions\\\/\",\"url\":\"https:\\\/\\\/martaescuderoabogada.adrirodrigoj2.es\\\/las-controversias-arbitrales-mas-recordadas-en-la-champions\\\/\",\"name\":\"Las controversias arbitrales m\u00e1s recordadas en la Champions - Marta Escudero Abogada\",\"isPartOf\":{\"@id\":\"https:\\\/\\\/martaescuderoabogada.adrirodrigoj2.es\\\/#website\"},\"datePublished\":\"2026-08-14T22:14:35+00:00\",\"author\":{\"@id\":\"\"},\"breadcrumb\":{\"@id\":\"https:\\\/\\\/martaescuderoabogada.adrirodrigoj2.es\\\/las-controversias-arbitrales-mas-recordadas-en-la-champions\\\/#breadcrumb\"},\"inLanguage\":\"en-US\",\"potentialAction\":[{\"@type\":\"ReadAction\",\"target\":[\"https:\\\/\\\/martaescuderoabogada.adrirodrigoj2.es\\\/las-controversias-arbitrales-mas-recordadas-en-la-champions\\\/\"]}]},{\"@type\":\"BreadcrumbList\",\"@id\":\"https:\\\/\\\/martaescuderoabogada.adrirodrigoj2.es\\\/las-controversias-arbitrales-mas-recordadas-en-la-champions\\\/#breadcrumb\",\"itemListElement\":[{\"@type\":\"ListItem\",\"position\":1,\"name\":\"Portada\",\"item\":\"https:\\\/\\\/martaescuderoabogada.adrirodrigoj2.es\\\/\"},{\"@type\":\"ListItem\",\"position\":2,\"name\":\"Las controversias arbitrales m\u00e1s recordadas en la Champions\"}]},{\"@type\":\"WebSite\",\"@id\":\"https:\\\/\\\/martaescuderoabogada.adrirodrigoj2.es\\\/#website\",\"url\":\"https:\\\/\\\/martaescuderoabogada.adrirodrigoj2.es\\\/\",\"name\":\"Marta Escudero Abogada\",\"description\":\"\",\"potentialAction\":[{\"@type\":\"SearchAction\",\"target\":{\"@type\":\"EntryPoint\",\"urlTemplate\":\"https:\\\/\\\/martaescuderoabogada.adrirodrigoj2.es\\\/?s={search_term_string}\"},\"query-input\":{\"@type\":\"PropertyValueSpecification\",\"valueRequired\":true,\"valueName\":\"search_term_string\"}}],\"inLanguage\":\"en-US\"},{\"@type\":\"Person\",\"@id\":\"\"}]}<\/script>\n<!-- \/ Yoast SEO plugin. -->","yoast_head_json":{"title":"Las controversias arbitrales m\u00e1s recordadas en la Champions  - Marta Escudero Abogada","robots":{"index":"index","follow":"follow","max-snippet":"max-snippet:-1","max-image-preview":"max-image-preview:large","max-video-preview":"max-video-preview:-1"},"canonical":"https:\/\/martaescuderoabogada.adrirodrigoj2.es\/en\/las-controversias-arbitrales-mas-recordadas-en-la-champions\/","og_locale":"en_US","og_type":"article","og_title":"Las controversias arbitrales m\u00e1s recordadas en la Champions  - Marta Escudero Abogada","og_description":"El gol fantasma de Liverpool contra el AC\u202fMilan (2005) El 16 de abril de 2005, el \u00e1rbitro no se\u00f1al\u00f3 fuera de juego en el primer gol de Liverpool, y el mundo entero qued\u00f3 paralizado. Dos minutos despu\u00e9s, el mismo \u00e1rbitro anul\u00f3 un gol leg\u00edtimo de Milan por supuesta falta en el \u00e1rea, mientras los jugadores [&hellip;]","og_url":"https:\/\/martaescuderoabogada.adrirodrigoj2.es\/en\/las-controversias-arbitrales-mas-recordadas-en-la-champions\/","og_site_name":"Marta Escudero Abogada","article_published_time":"2026-08-14T22:14:35+00:00","twitter_card":"summary_large_image","twitter_misc":{"Written by":"","Est. reading time":"2 minutes"},"schema":{"@context":"https:\/\/schema.org","@graph":[{"@type":"Article","@id":"https:\/\/martaescuderoabogada.adrirodrigoj2.es\/las-controversias-arbitrales-mas-recordadas-en-la-champions\/#article","isPartOf":{"@id":"https:\/\/martaescuderoabogada.adrirodrigoj2.es\/las-controversias-arbitrales-mas-recordadas-en-la-champions\/"},"author":{"name":"","@id":""},"headline":"Las controversias arbitrales m\u00e1s recordadas en la Champions","datePublished":"2026-08-14T22:14:35+00:00","mainEntityOfPage":{"@id":"https:\/\/martaescuderoabogada.adrirodrigoj2.es\/las-controversias-arbitrales-mas-recordadas-en-la-champions\/"},"wordCount":473,"inLanguage":"en-US"},{"@type":"WebPage","@id":"https:\/\/martaescuderoabogada.adrirodrigoj2.es\/las-controversias-arbitrales-mas-recordadas-en-la-champions\/","url":"https:\/\/martaescuderoabogada.adrirodrigoj2.es\/las-controversias-arbitrales-mas-recordadas-en-la-champions\/","name":"Las controversias arbitrales m\u00e1s recordadas en la Champions - Marta Escudero Abogada","isPartOf":{"@id":"https:\/\/martaescuderoabogada.adrirodrigoj2.es\/#website"},"datePublished":"2026-08-14T22:14:35+00:00","author":{"@id":""},"breadcrumb":{"@id":"https:\/\/martaescuderoabogada.adrirodrigoj2.es\/las-controversias-arbitrales-mas-recordadas-en-la-champions\/#breadcrumb"},"inLanguage":"en-US","potentialAction":[{"@type":"ReadAction","target":["https:\/\/martaescuderoabogada.adrirodrigoj2.es\/las-controversias-arbitrales-mas-recordadas-en-la-champions\/"]}]},{"@type":"BreadcrumbList","@id":"https:\/\/martaescuderoabogada.adrirodrigoj2.es\/las-controversias-arbitrales-mas-recordadas-en-la-champions\/#breadcrumb","itemListElement":[{"@type":"ListItem","position":1,"name":"Portada","item":"https:\/\/martaescuderoabogada.adrirodrigoj2.es\/"},{"@type":"ListItem","position":2,"name":"Las controversias arbitrales m\u00e1s recordadas en la Champions"}]},{"@type":"WebSite","@id":"https:\/\/martaescuderoabogada.adrirodrigoj2.es\/#website","url":"https:\/\/martaescuderoabogada.adrirodrigoj2.es\/","name":"Marta Escudero Abogada","description":"","potentialAction":[{"@type":"SearchAction","target":{"@type":"EntryPoint","urlTemplate":"https:\/\/martaescuderoabogada.adrirodrigoj2.es\/?s={search_term_string}"},"query-input":{"@type":"PropertyValueSpecification","valueRequired":true,"valueName":"search_term_string"}}],"inLanguage":"en-US"},{"@type":"Person","@id":""}]}},"_links":{"self":[{"href":"https:\/\/martaescuderoabogada.adrirodrigoj2.es\/en\/wp-json\/wp\/v2\/posts\/1724","targetHints":{"allow":["GET"]}}],"collection":[{"href":"https:\/\/martaescuderoabogada.adrirodrigoj2.es\/en\/wp-json\/wp\/v2\/posts"}],"about":[{"href":"https:\/\/martaescuderoabogada.adrirodrigoj2.es\/en\/wp-json\/wp\/v2\/types\/post"}],"author":[{"embeddable":true,"href":"https:\/\/martaescuderoabogada.adrirodrigoj2.es\/en\/wp-json\/wp\/v2\/users\/98"}],"replies":[{"embeddable":true,"href":"https:\/\/martaescuderoabogada.adrirodrigoj2.es\/en\/wp-json\/wp\/v2\/comments?post=1724"}],"version-history":[{"count":0,"href":"https:\/\/martaescuderoabogada.adrirodrigoj2.es\/en\/wp-json\/wp\/v2\/posts\/1724\/revisions"}],"wp:attachment":[{"href":"https:\/\/martaescuderoabogada.adrirodrigoj2.es\/en\/wp-json\/wp\/v2\/media?parent=1724"}],"wp:term":[{"taxonomy":"category","embeddable":true,"href":"https:\/\/martaescuderoabogada.adrirodrigoj2.es\/en\/wp-json\/wp\/v2\/categories?post=1724"},{"taxonomy":"post_tag","embeddable":true,"href":"https:\/\/martaescuderoabogada.adrirodrigoj2.es\/en\/wp-json\/wp\/v2\/tags?post=1724"}],"curies":[{"name":"wp","href":"https:\/\/api.w.org\/{rel}","templated":true}]}}