{"id":1655,"date":"2026-08-14T22:14:35","date_gmt":"2026-08-14T22:14:35","guid":{"rendered":""},"modified":"-0001-11-30T00:00:00","modified_gmt":"-0001-11-29T22:00:00","slug":"los-corredores-a-seguir-en-la-temporada-de-primavera","status":"publish","type":"post","link":"https:\/\/martaescuderoabogada.adrirodrigoj2.es\/en\/los-corredores-a-seguir-en-la-temporada-de-primavera\/","title":{"rendered":"Los Corredores a Seguir en la Temporada de Primavera"},"content":{"rendered":"<h2>Tendencias que marcan la diferencia<\/h2>\n<p>Primavera llega con viento de cambio y los equipos ya no buscan s\u00f3lo fuerza bruta. Observa la mezcla de velocidad y resistencia; es la jugada que define los podios.<\/p>\n<h2>Los nombres que no puedes ignorar<\/h2>\n<p>Primero, Alejandro \u201cEl Rayo\u201d Mart\u00ednez. Su aceleraci\u00f3n en los 10\u202fkm finales es una patada de energ\u00eda pura. Segundo, la belga Sof\u00eda Van Doren, maestra del terreno ondulado; su cadencia es tan constante que parece una metron\u00f3mica. Tercero, el canadiense Lucas \u201cPolar\u201d Gauthier, especializado en climas fr\u00edos, lo que en primavera europea es ventaja t\u00e1ctica.<\/p>\n<h2>Por qu\u00e9 el clima es tu mejor aliado<\/h2>\n<p>El clima primaveral no es solo lluvia; son lluvias intermitentes, r\u00e1fagas de sol y temperaturas que suben y bajan como un sem\u00e1foro. Los corredores que se adaptan al cambio r\u00e1pido ganan segundos cr\u00edticos. Aqu\u00ed entra la estrategia de equipamiento: neum\u00e1ticos anchos, presi\u00f3n ajustada, ropa transpirable. No es una cuesti\u00f3n de suerte, es de preparaci\u00f3n.<\/p>\n<h2>C\u00f3mo leer los datos de los entrenamientos<\/h2>\n<p>Mira el Power Curve de los \u00faltimos 30\u202fd\u00edas. Si el umbral de FTP ha subido un 4\u202f% respecto al mes anterior, el corredor est\u00e1 en forma de pico. Adem\u00e1s, presta atenci\u00f3n al VO2max; una mejora del 2\u202f% puede traducirse en un salto de tres minutos en una carrera de 150\u202fkm.<\/p>\n<h2>Los equipos que lideran la carga<\/h2>\n<p>Team Velocity y su enfoque anal\u00edtico, impulsado por IA, est\u00e1n dejando a los rivales en el polvo. Por otro lado, la escuadra de los \u201cR\u00e1pidos del Norte\u201d apuesta por la t\u00e1ctica de ataque precoz, rompiendo la pelot\u00f3n antes del primer ascenso. Si buscas apuestas seguras, sigue la pista de estos outfits.<\/p>\n<h2>Acci\u00f3n inmediata<\/h2>\n<p>Visita <a href=\"https:\/\/ciclismoapuestases.com\">ciclismoapuestases.com<\/a> y marca los corredores que aparecen en la lista de favoritos. Apuesta antes de que la lluvia de la primera semana salga de la ventana; el mercado reacciona en tiempo real.<\/p>\n<h3>Consejo final<\/h3>\n<p>Elige al menos un sprinter que tenga m\u00e1s de 80\u202f% de victorias en finales bajo 20\u202fkm y coloca tu apuesta en la siguiente carrera de la primavera. No lo pienses demasiado.<\/p>","protected":false},"excerpt":{"rendered":"<p>Tendencias que marcan la diferencia Primavera llega con viento de cambio y los equipos ya no buscan s\u00f3lo fuerza bruta. Observa la mezcla de velocidad y resistencia; es la jugada que define los podios. Los nombres que no puedes ignorar Primero, Alejandro \u201cEl Rayo\u201d Mart\u00ednez. Su aceleraci\u00f3n en los 10\u202fkm finales es una patada de [&hellip;]<\/p>\n","protected":false},"author":98,"featured_media":0,"comment_status":"closed","ping_status":"closed","sticky":false,"template":"","format":"standard","meta":{"footnotes":""},"categories":[],"tags":[],"class_list":["post-1655","post","type-post","status-publish","format-standard","hentry"],"yoast_head":"<!-- This site is optimized with the Yoast SEO plugin v28.3 - https:\/\/yoast.com\/product\/yoast-seo-wordpress\/ -->\n<title>Los Corredores a Seguir en la Temporada de Primavera - Marta Escudero Abogada<\/title>\n<meta name=\"robots\" content=\"index, follow, max-snippet:-1, max-image-preview:large, max-video-preview:-1\" \/>\n<link rel=\"canonical\" href=\"https:\/\/martaescuderoabogada.adrirodrigoj2.es\/en\/los-corredores-a-seguir-en-la-temporada-de-primavera\/\" \/>\n<meta property=\"og:locale\" content=\"en_US\" \/>\n<meta property=\"og:type\" content=\"article\" \/>\n<meta property=\"og:title\" content=\"Los Corredores a Seguir en la Temporada de Primavera - Marta Escudero Abogada\" \/>\n<meta property=\"og:description\" content=\"Tendencias que marcan la diferencia Primavera llega con viento de cambio y los equipos ya no buscan s\u00f3lo fuerza bruta. Observa la mezcla de velocidad y resistencia; es la jugada que define los podios. Los nombres que no puedes ignorar Primero, Alejandro \u201cEl Rayo\u201d Mart\u00ednez. Su aceleraci\u00f3n en los 10\u202fkm finales es una patada de [&hellip;]\" \/>\n<meta property=\"og:url\" content=\"https:\/\/martaescuderoabogada.adrirodrigoj2.es\/en\/los-corredores-a-seguir-en-la-temporada-de-primavera\/\" \/>\n<meta property=\"og:site_name\" content=\"Marta Escudero Abogada\" \/>\n<meta property=\"article:published_time\" content=\"2026-08-14T22:14:35+00:00\" \/>\n<meta name=\"twitter:card\" content=\"summary_large_image\" \/>\n<meta name=\"twitter:label1\" content=\"Written by\" \/>\n\t<meta name=\"twitter:data1\" content=\"\" \/>\n\t<meta name=\"twitter:label2\" content=\"Est. reading time\" \/>\n\t<meta name=\"twitter:data2\" content=\"2 minutes\" \/>\n<script type=\"application\/ld+json\" class=\"yoast-schema-graph\">{\"@context\":\"https:\\\/\\\/schema.org\",\"@graph\":[{\"@type\":\"Article\",\"@id\":\"https:\\\/\\\/martaescuderoabogada.adrirodrigoj2.es\\\/los-corredores-a-seguir-en-la-temporada-de-primavera\\\/#article\",\"isPartOf\":{\"@id\":\"https:\\\/\\\/martaescuderoabogada.adrirodrigoj2.es\\\/los-corredores-a-seguir-en-la-temporada-de-primavera\\\/\"},\"author\":{\"name\":\"\",\"@id\":\"\"},\"headline\":\"Los Corredores a Seguir en la Temporada de Primavera\",\"datePublished\":\"2026-08-14T22:14:35+00:00\",\"mainEntityOfPage\":{\"@id\":\"https:\\\/\\\/martaescuderoabogada.adrirodrigoj2.es\\\/los-corredores-a-seguir-en-la-temporada-de-primavera\\\/\"},\"wordCount\":373,\"inLanguage\":\"en-US\"},{\"@type\":\"WebPage\",\"@id\":\"https:\\\/\\\/martaescuderoabogada.adrirodrigoj2.es\\\/los-corredores-a-seguir-en-la-temporada-de-primavera\\\/\",\"url\":\"https:\\\/\\\/martaescuderoabogada.adrirodrigoj2.es\\\/los-corredores-a-seguir-en-la-temporada-de-primavera\\\/\",\"name\":\"Los Corredores a Seguir en la Temporada de Primavera - Marta Escudero Abogada\",\"isPartOf\":{\"@id\":\"https:\\\/\\\/martaescuderoabogada.adrirodrigoj2.es\\\/#website\"},\"datePublished\":\"2026-08-14T22:14:35+00:00\",\"author\":{\"@id\":\"\"},\"breadcrumb\":{\"@id\":\"https:\\\/\\\/martaescuderoabogada.adrirodrigoj2.es\\\/los-corredores-a-seguir-en-la-temporada-de-primavera\\\/#breadcrumb\"},\"inLanguage\":\"en-US\",\"potentialAction\":[{\"@type\":\"ReadAction\",\"target\":[\"https:\\\/\\\/martaescuderoabogada.adrirodrigoj2.es\\\/los-corredores-a-seguir-en-la-temporada-de-primavera\\\/\"]}]},{\"@type\":\"BreadcrumbList\",\"@id\":\"https:\\\/\\\/martaescuderoabogada.adrirodrigoj2.es\\\/los-corredores-a-seguir-en-la-temporada-de-primavera\\\/#breadcrumb\",\"itemListElement\":[{\"@type\":\"ListItem\",\"position\":1,\"name\":\"Portada\",\"item\":\"https:\\\/\\\/martaescuderoabogada.adrirodrigoj2.es\\\/\"},{\"@type\":\"ListItem\",\"position\":2,\"name\":\"Los Corredores a Seguir en la Temporada de Primavera\"}]},{\"@type\":\"WebSite\",\"@id\":\"https:\\\/\\\/martaescuderoabogada.adrirodrigoj2.es\\\/#website\",\"url\":\"https:\\\/\\\/martaescuderoabogada.adrirodrigoj2.es\\\/\",\"name\":\"Marta Escudero Abogada\",\"description\":\"\",\"potentialAction\":[{\"@type\":\"SearchAction\",\"target\":{\"@type\":\"EntryPoint\",\"urlTemplate\":\"https:\\\/\\\/martaescuderoabogada.adrirodrigoj2.es\\\/?s={search_term_string}\"},\"query-input\":{\"@type\":\"PropertyValueSpecification\",\"valueRequired\":true,\"valueName\":\"search_term_string\"}}],\"inLanguage\":\"en-US\"},{\"@type\":\"Person\",\"@id\":\"\"}]}<\/script>\n<!-- \/ Yoast SEO plugin. -->","yoast_head_json":{"title":"Los Corredores a Seguir en la Temporada de Primavera - Marta Escudero Abogada","robots":{"index":"index","follow":"follow","max-snippet":"max-snippet:-1","max-image-preview":"max-image-preview:large","max-video-preview":"max-video-preview:-1"},"canonical":"https:\/\/martaescuderoabogada.adrirodrigoj2.es\/en\/los-corredores-a-seguir-en-la-temporada-de-primavera\/","og_locale":"en_US","og_type":"article","og_title":"Los Corredores a Seguir en la Temporada de Primavera - Marta Escudero Abogada","og_description":"Tendencias que marcan la diferencia Primavera llega con viento de cambio y los equipos ya no buscan s\u00f3lo fuerza bruta. Observa la mezcla de velocidad y resistencia; es la jugada que define los podios. Los nombres que no puedes ignorar Primero, Alejandro \u201cEl Rayo\u201d Mart\u00ednez. Su aceleraci\u00f3n en los 10\u202fkm finales es una patada de [&hellip;]","og_url":"https:\/\/martaescuderoabogada.adrirodrigoj2.es\/en\/los-corredores-a-seguir-en-la-temporada-de-primavera\/","og_site_name":"Marta Escudero Abogada","article_published_time":"2026-08-14T22:14:35+00:00","twitter_card":"summary_large_image","twitter_misc":{"Written by":"","Est. reading time":"2 minutes"},"schema":{"@context":"https:\/\/schema.org","@graph":[{"@type":"Article","@id":"https:\/\/martaescuderoabogada.adrirodrigoj2.es\/los-corredores-a-seguir-en-la-temporada-de-primavera\/#article","isPartOf":{"@id":"https:\/\/martaescuderoabogada.adrirodrigoj2.es\/los-corredores-a-seguir-en-la-temporada-de-primavera\/"},"author":{"name":"","@id":""},"headline":"Los Corredores a Seguir en la Temporada de Primavera","datePublished":"2026-08-14T22:14:35+00:00","mainEntityOfPage":{"@id":"https:\/\/martaescuderoabogada.adrirodrigoj2.es\/los-corredores-a-seguir-en-la-temporada-de-primavera\/"},"wordCount":373,"inLanguage":"en-US"},{"@type":"WebPage","@id":"https:\/\/martaescuderoabogada.adrirodrigoj2.es\/los-corredores-a-seguir-en-la-temporada-de-primavera\/","url":"https:\/\/martaescuderoabogada.adrirodrigoj2.es\/los-corredores-a-seguir-en-la-temporada-de-primavera\/","name":"Los Corredores a Seguir en la Temporada de Primavera - Marta Escudero Abogada","isPartOf":{"@id":"https:\/\/martaescuderoabogada.adrirodrigoj2.es\/#website"},"datePublished":"2026-08-14T22:14:35+00:00","author":{"@id":""},"breadcrumb":{"@id":"https:\/\/martaescuderoabogada.adrirodrigoj2.es\/los-corredores-a-seguir-en-la-temporada-de-primavera\/#breadcrumb"},"inLanguage":"en-US","potentialAction":[{"@type":"ReadAction","target":["https:\/\/martaescuderoabogada.adrirodrigoj2.es\/los-corredores-a-seguir-en-la-temporada-de-primavera\/"]}]},{"@type":"BreadcrumbList","@id":"https:\/\/martaescuderoabogada.adrirodrigoj2.es\/los-corredores-a-seguir-en-la-temporada-de-primavera\/#breadcrumb","itemListElement":[{"@type":"ListItem","position":1,"name":"Portada","item":"https:\/\/martaescuderoabogada.adrirodrigoj2.es\/"},{"@type":"ListItem","position":2,"name":"Los Corredores a Seguir en la Temporada de Primavera"}]},{"@type":"WebSite","@id":"https:\/\/martaescuderoabogada.adrirodrigoj2.es\/#website","url":"https:\/\/martaescuderoabogada.adrirodrigoj2.es\/","name":"Marta Escudero Abogada","description":"","potentialAction":[{"@type":"SearchAction","target":{"@type":"EntryPoint","urlTemplate":"https:\/\/martaescuderoabogada.adrirodrigoj2.es\/?s={search_term_string}"},"query-input":{"@type":"PropertyValueSpecification","valueRequired":true,"valueName":"search_term_string"}}],"inLanguage":"en-US"},{"@type":"Person","@id":""}]}},"_links":{"self":[{"href":"https:\/\/martaescuderoabogada.adrirodrigoj2.es\/en\/wp-json\/wp\/v2\/posts\/1655","targetHints":{"allow":["GET"]}}],"collection":[{"href":"https:\/\/martaescuderoabogada.adrirodrigoj2.es\/en\/wp-json\/wp\/v2\/posts"}],"about":[{"href":"https:\/\/martaescuderoabogada.adrirodrigoj2.es\/en\/wp-json\/wp\/v2\/types\/post"}],"author":[{"embeddable":true,"href":"https:\/\/martaescuderoabogada.adrirodrigoj2.es\/en\/wp-json\/wp\/v2\/users\/98"}],"replies":[{"embeddable":true,"href":"https:\/\/martaescuderoabogada.adrirodrigoj2.es\/en\/wp-json\/wp\/v2\/comments?post=1655"}],"version-history":[{"count":0,"href":"https:\/\/martaescuderoabogada.adrirodrigoj2.es\/en\/wp-json\/wp\/v2\/posts\/1655\/revisions"}],"wp:attachment":[{"href":"https:\/\/martaescuderoabogada.adrirodrigoj2.es\/en\/wp-json\/wp\/v2\/media?parent=1655"}],"wp:term":[{"taxonomy":"category","embeddable":true,"href":"https:\/\/martaescuderoabogada.adrirodrigoj2.es\/en\/wp-json\/wp\/v2\/categories?post=1655"},{"taxonomy":"post_tag","embeddable":true,"href":"https:\/\/martaescuderoabogada.adrirodrigoj2.es\/en\/wp-json\/wp\/v2\/tags?post=1655"}],"curies":[{"name":"wp","href":"https:\/\/api.w.org\/{rel}","templated":true}]}}